{"id":4705,"date":"2019-11-24T20:39:58","date_gmt":"2019-11-24T17:39:58","guid":{"rendered":"https:\/\/nesayonetim.com\/?p=4705"},"modified":"2019-11-24T20:39:58","modified_gmt":"2019-11-24T17:39:58","slug":"maketten-konut-satisina-meclis-takibi","status":"publish","type":"post","link":"https:\/\/nesayonetim.com\/index.php\/2019\/11\/24\/maketten-konut-satisina-meclis-takibi\/","title":{"rendered":"Maketten konut sat\u0131\u015f\u0131na Meclis takibi!"},"content":{"rendered":"<p><b>Meclis, devrem\u00fclk ve devre tatilden sonra maketten konut sat\u0131\u015f\u0131yla ilgili \u015fikayetler i\u00e7in alt komisyon kurdu.<\/b><\/p>\n<p>TBBM, devrem\u00fclk ve devre tatilden sonra maketten sat\u0131\u015f \u015fikayetleriyle ilgili \u00e7al\u0131\u015fmalara ba\u015flad\u0131. H\u00fcrriyet Gazetesi&#8217;nden Turan Y\u0131lmaz&#8217;\u0131n haberine g\u00f6re; Dilek\u00e7e Komisyonu, maketten sat\u0131\u015f \u015fikayetlerini incelemek \u00fczere alt komisyon kurdu.<\/p>\n<p>Dilek\u00e7e Komisyonu Ba\u015fkan\u0131 Mihrimah Belma Sat\u0131r, \u201cT\u00fcrkiye\u2019de ve d\u00fcnyada \u00e7ok \u00f6nemli i\u015flere imza atan in\u015faat firmalar\u0131m\u0131z var ama disipline edilmemi\u015f bir tak\u0131m firmalar vatanda\u015f\u0131n iyi niyetinden, mevzuat\u0131n eksik uygulanmas\u0131ndan istifade ederek ma\u011fduriyetlere sebep oluyorlar\u201d diye konu\u015ftu.<\/p>\n<p>Maketten sat\u0131\u015flar hakk\u0131nda bin 959 imzal\u0131 360 \u015fikayet dilek\u00e7esi, komisyona ula\u015ft\u0131. Dilek\u00e7e verenler aras\u0131nda iktidar ve muhalefetten milletvekilleri bulundu. Maketten sat\u0131\u015flarla ilgili \u015fikayetler \u00f6zetle \u015fu \u015fekilde anlat\u0131ld\u0131:<\/p>\n<p>\u201c\u00d6n \u00f6demeli sat\u0131\u015f s\u00f6zle\u015fmesiyle maketten sat\u0131\u015f\u0131 yap\u0131lan gayrimenkullere ili\u015fkin geni\u015f, kapsaml\u0131 sorunlar ya\u015fand\u0131\u011f\u0131, s\u00f6zle\u015fme konusu gayrimenkullerin ya hi\u00e7 ya da gere\u011fi gibi teslim edilmedi\u011fi, har\u00e7lar ve benzeri kamusal y\u00fck\u00fcml\u00fcl\u00fcklerin maliyetinin y\u00fcksek olmas\u0131 nedeniyle t\u00fcketicilerin resm\u00ee \u015fekil \u015fartlar\u0131na uygun s\u00f6zle\u015fme d\u00fczenlenmesinden feragat etti\u011fi ya da buna y\u00f6nlendirildi\u011fi, teminat sa\u011flama y\u00fck\u00fcml\u00fcl\u00fc\u011f\u00fcn\u00fcn \u015firketlerce yerine getirilmedi\u011fi, m\u00fckerrer sat\u0131\u015flar\u0131n ya\u015fand\u0131\u011f\u0131, ba\u011fl\u0131 kredi kullan\u0131m\u0131 nedeniyle tapular\u0131n ipotekli oldu\u011fu g\u00f6r\u00fclm\u00fc\u015ft\u00fcr.\u201d<\/p>\n","protected":false},"excerpt":{"rendered":"<p>Meclis, devrem\u00fclk ve devre tatilden sonra maketten konut sat\u0131\u015f\u0131yla ilgili \u015fikayetler i\u00e7in alt komisyon kurdu. TBBM, devrem\u00fclk ve devre tatilden sonra maketten sat\u0131\u015f \u015fikayetleriyle ilgili \u00e7al\u0131\u015fmalara ba\u015flad\u0131. H\u00fcrriyet Gazetesi&#8217;nden Turan Y\u0131lmaz&#8217;\u0131n haberine g\u00f6re; Dilek\u00e7e Komisyonu, maketten sat\u0131\u015f \u015fikayetlerini incelemek \u00fczere alt komisyon kurdu. Dilek\u00e7e Komisyonu Ba\u015fkan\u0131 Mihrimah Belma Sat\u0131r, \u201cT\u00fcrkiye\u2019de ve d\u00fcnyada \u00e7ok \u00f6nemli i\u015flere imza atan in\u015faat firmalar\u0131m\u0131z var ama disipline edilmemi\u015f bir tak\u0131m firmalar vatanda\u015f\u0131n iyi niyetinden, mevzuat\u0131n eksik uygulanmas\u0131ndan istifade ederek ma\u011fduriyetlere sebep oluyorlar\u201d diye konu\u015ftu. Maketten sat\u0131\u015flar hakk\u0131nda bin 959 imzal\u0131 360 \u015fikayet dilek\u00e7esi, komisyona ula\u015ft\u0131. Dilek\u00e7e verenler aras\u0131nda iktidar ve muhalefetten milletvekilleri bulundu. Maketten sat\u0131\u015flarla ilgili \u015fikayetler \u00f6zetle \u015fu \u015fekilde anlat\u0131ld\u0131: \u201c\u00d6n \u00f6demeli sat\u0131\u015f s\u00f6zle\u015fmesiyle maketten sat\u0131\u015f\u0131 yap\u0131lan gayrimenkullere ili\u015fkin geni\u015f, kapsaml\u0131 sorunlar ya\u015fand\u0131\u011f\u0131, s\u00f6zle\u015fme konusu gayrimenkullerin ya hi\u00e7 ya da gere\u011fi gibi teslim edilmedi\u011fi, har\u00e7lar ve benzeri kamusal y\u00fck\u00fcml\u00fcl\u00fcklerin maliyetinin y\u00fcksek olmas\u0131 nedeniyle t\u00fcketicilerin resm\u00ee \u015fekil \u015fartlar\u0131na uygun s\u00f6zle\u015fme d\u00fczenlenmesinden feragat etti\u011fi ya da buna y\u00f6nlendirildi\u011fi, teminat sa\u011flama y\u00fck\u00fcml\u00fcl\u00fc\u011f\u00fcn\u00fcn \u015firketlerce yerine getirilmedi\u011fi, m\u00fckerrer sat\u0131\u015flar\u0131n ya\u015fand\u0131\u011f\u0131, ba\u011fl\u0131 kredi kullan\u0131m\u0131 nedeniyle tapular\u0131n ipotekli oldu\u011fu g\u00f6r\u00fclm\u00fc\u015ft\u00fcr.\u201d<\/p>\n","protected":false},"author":1,"featured_media":4706,"comment_status":"open","ping_status":"open","sticky":false,"template":"","format":"standard","meta":{"footnotes":""},"categories":[1],"tags":[],"class_list":["post-4705","post","type-post","status-publish","format-standard","has-post-thumbnail","hentry","category-emlak-haberleri"],"_links":{"self":[{"href":"https:\/\/nesayonetim.com\/index.php\/wp-json\/wp\/v2\/posts\/4705","targetHints":{"allow":["GET"]}}],"collection":[{"href":"https:\/\/nesayonetim.com\/index.php\/wp-json\/wp\/v2\/posts"}],"about":[{"href":"https:\/\/nesayonetim.com\/index.php\/wp-json\/wp\/v2\/types\/post"}],"author":[{"embeddable":true,"href":"https:\/\/nesayonetim.com\/index.php\/wp-json\/wp\/v2\/users\/1"}],"replies":[{"embeddable":true,"href":"https:\/\/nesayonetim.com\/index.php\/wp-json\/wp\/v2\/comments?post=4705"}],"version-history":[{"count":1,"href":"https:\/\/nesayonetim.com\/index.php\/wp-json\/wp\/v2\/posts\/4705\/revisions"}],"predecessor-version":[{"id":4707,"href":"https:\/\/nesayonetim.com\/index.php\/wp-json\/wp\/v2\/posts\/4705\/revisions\/4707"}],"wp:featuredmedia":[{"embeddable":true,"href":"https:\/\/nesayonetim.com\/index.php\/wp-json\/wp\/v2\/media\/4706"}],"wp:attachment":[{"href":"https:\/\/nesayonetim.com\/index.php\/wp-json\/wp\/v2\/media?parent=4705"}],"wp:term":[{"taxonomy":"category","embeddable":true,"href":"https:\/\/nesayonetim.com\/index.php\/wp-json\/wp\/v2\/categories?post=4705"},{"taxonomy":"post_tag","embeddable":true,"href":"https:\/\/nesayonetim.com\/index.php\/wp-json\/wp\/v2\/tags?post=4705"}],"curies":[{"name":"wp","href":"https:\/\/api.w.org\/{rel}","templated":true}]}}