{"id":4708,"date":"2019-11-24T20:41:53","date_gmt":"2019-11-24T17:41:53","guid":{"rendered":"https:\/\/nesayonetim.com\/?p=4708"},"modified":"2019-11-24T20:41:53","modified_gmt":"2019-11-24T17:41:53","slug":"etiler-polis-okulu-arazisinin-planlari-iptal","status":"publish","type":"post","link":"https:\/\/nesayonetim.com\/index.php\/2019\/11\/24\/etiler-polis-okulu-arazisinin-planlari-iptal\/","title":{"rendered":"Etiler Polis Okulu arazisinin planlar\u0131 iptal!"},"content":{"rendered":"<p><b>\u0130stanbul Be\u015fikta\u015f\u2019ta yer alan eski Etiler Polis Meslek Y\u00fcksekokulu arazisine otel, AVM ve rezidans yap\u0131m\u0131n\u0131n \u00f6n\u00fcn\u00fc a\u00e7an imar planlar\u0131 iptal edildi&#8230;\u00a0<\/b><\/p>\n<p>\u0130stanbul&#8217;un Be\u015fikta\u015f il\u00e7esine ba\u011fl\u0131 Akat Mahallesi&#8217;nde yer a\u015fam yakla\u015f\u0131k 30 bin metrekarelik Etiler Polis Meslek Y\u00fcksekokulu, arazisinin \u201criskli alan\u201d ilan edilmesinin sonras\u0131nda, 2014&#8217;te Bakanlar Kurulu karar\u0131yla kapat\u0131ld\u0131. Yap\u0131lan protokol ile s\u00f6z konusu arazi \u0130stanbul B\u00fcy\u00fck\u015fehir Belediyesi&#8217;ne (\u0130BB) devredildi. Arazi, 4 Nisan 2018&#8217;de \u0130BB taraf\u0131ndan has\u0131lat payla\u015f\u0131m\u0131 y\u00f6ntemi ile ihaleye \u00e7\u0131kar\u0131ld\u0131.<\/p>\n<p>\u0130haleyi \u0130BB&#8217;nin \u015firketlerinden K\u0130PTA\u015e, 2 milyar 660 milyon TL&#8217;lik teklifi ile kazand\u0131. K\u0130PTA\u015e daha sonra tiler Polis Meslek Y\u00fcksekokulu projesinin yap\u0131m i\u015fini Asta\u015f ile Yap\u0131 &amp; Yap\u0131 ortakl\u0131\u011f\u0131na verdi. Okulun y\u0131k\u0131lmas\u0131n\u0131n sonras\u0131nda in\u015faat \u00e7al\u0131\u015fmalar\u0131na ba\u015flanan arazide y\u00fcksekli\u011fi 35- 40 kat aras\u0131nda de\u011fi\u015fen 3 g\u00f6kdelenden dikilmesi planlan\u0131yordu.<\/p>\n<p>tiler Polis Meslek Y\u00fcksekokulu projesinin iki blo\u011funda 251 rezidans daire yer alacakt\u0131. Mandarin Oriental Hotel Group da bir kuleyi 156 oda, 16 s\u00fcitten ve \u00fc\u00e7 restoran olu\u015fan bir otel olarak i\u015fletecekti. Dev karma projenin alt\u0131nda ise \u00fc\u00e7 katl\u0131 bir al\u0131\u015fveri\u015f merkezi (AVM) yer alacakt\u0131.<\/p>\n<p><img decoding=\"async\" class=\"lazy\" src=\"https:\/\/emlakkulisi.com\/resim\/tamboyut\/OTU3OTM3OD-etiler-polis-okulu-arazisinin-planlari-iptal.jpg\" width=\"100%\" data-original=\"\/resim\/tamboyut\/OTU3OTM3OD-etiler-polis-okulu-arazisinin-planlari-iptal.jpg\" \/><\/p>\n<h2>PLANLAR \u0130ST\u0130NAFA TA\u015eINDI<\/h2>\n<p>Polis okulu arazisinde in\u015faat\u0131na ba\u015flanan karma projenin \u00f6n\u00fcn\u00fc a\u00e7an imar planlar\u0131 \u00c7evre ve \u015eehircilik Bakanl\u0131\u011f\u0131 taraf\u0131ndan 2012&#8217;de yap\u0131ld\u0131. Mimarlar Odas\u0131 ve \u015eehir Planc\u0131lar Odas\u0131, bu plan de\u011fi\u015fikliklerine kar\u015f\u0131 6 May\u0131s 2013&#8217;de dava a\u00e7t\u0131.<\/p>\n<p>S\u00f6zc\u00fc&#8217;de yer alan habere g\u00f6re; Karma proje davas\u0131 kapsam\u0131nda al\u0131nan iki bilirki\u015fi raporunda da planlar\u0131n, \u015fehircilik ilkelerine ve hukuka ayk\u0131r\u0131 oldu\u011fu saptand\u0131. Fakat \u0130stanbul 7. \u0130dare Mahkemesi, 30 Ekim 2018&#8217;de davan\u0131n reddine karar verdi. \u015eehir Planc\u0131lar\u0131 Odas\u0131 ve Mimarlar Odas\u0131 da \u0130stanbul 7. \u0130dare Mahkemesi&#8217;nin karar\u0131n\u0131 istinafa ta\u015f\u0131d\u0131.<\/p>\n<p>\u0130stanbul B\u00f6lge \u0130dare Mahkemesi 4. \u0130dare Dava Dairesi, ba\u015fvuruyu de\u011ferlendirdi ve 20 Eyl\u00fcl 2019 tarihinde verdi\u011fi kararla dava konusu planlar\u0131 iptal etti.<\/p>\n<p><img decoding=\"async\" class=\"lazy\" src=\"https:\/\/emlakkulisi.com\/resim\/tamboyut\/OTQ1MjMyOD-etiler-polis-okulu-arazisinin-planlari-iptal.jpg\" width=\"100%\" data-original=\"\/resim\/tamboyut\/OTQ1MjMyOD-etiler-polis-okulu-arazisinin-planlari-iptal.jpg\" \/><br \/>\n<strong>Mimarlar Odas\u0131 ve \u015eehir Planc\u0131lar Odas\u0131 6 May\u0131s 2013 tarihinde dava a\u00e7t\u0131.<\/strong><\/p>\n<h2>MAHKEME Y\u00dcZEYSEL DE\u011eERLEND\u0130RME YAPMI\u015e<\/h2>\n<p>\u0130stanbul B\u00f6lge \u0130dare Mahkemesi 4. \u0130dare Dava Dairesi&#8217;nin karar\u0131nda \u201c\u0130stanbul 7. \u0130dare Mahkemesi karar\u0131n\u0131n bilirki\u015fi raporlar\u0131ndaki tespitler dikkate al\u0131nmad\u0131\u011f\u0131 gibi dikkate al\u0131nmamas\u0131n\u0131n yeterli ve ge\u00e7erli gerek\u00e7elerine kararda yer verilmeyerek dava konusu plan kararlar\u0131n\u0131n y\u00fczeysel bir de\u011ferlendirmesi yap\u0131larak h\u00fck\u00fcm kuruldu\u011fu g\u00f6r\u00fcld\u00fc\u011f\u00fcnden\u2026\u201d denildi. Proje dava konusu i\u015flemde kamu yarar\u0131na, \u015fehircilik ilkelerine ve planlama esaslar\u0131na uyarl\u0131k bulunmad\u0131\u011f\u0131na h\u00fckmedildi. Aksi y\u00f6ndeki mahkeme karar\u0131nda isabet g\u00f6r\u00fclmedi\u011fine karar veren dava dairesi, yarg\u0131lama konusu i\u015flemi iptal etti.<\/p>\n<p><img decoding=\"async\" class=\"lazy\" src=\"https:\/\/emlakkulisi.com\/resim\/tamboyut\/MzcwODg3NT-etiler-polis-okulu-arazisinin-planlari-iptal.jpg\" width=\"100%\" data-original=\"\/resim\/tamboyut\/MzcwODg3NT-etiler-polis-okulu-arazisinin-planlari-iptal.jpg\" \/><br \/>\n<strong>\u00c7evre ve \u015eehircilik Bakanl\u0131\u011f\u0131&#8217;n\u0131n yapt\u0131\u011f\u0131 planlar, mahkeme taraf\u0131ndan kamu yarar\u0131na, \u015fehircilik ilkelerine ve planlama esaslar\u0131na ayk\u0131r\u0131 bulunarak iptal edildi.<\/strong><\/p>\n<p>&nbsp;<\/p>\n","protected":false},"excerpt":{"rendered":"<p>\u0130stanbul Be\u015fikta\u015f\u2019ta yer alan eski Etiler Polis Meslek Y\u00fcksekokulu arazisine otel, AVM ve rezidans yap\u0131m\u0131n\u0131n \u00f6n\u00fcn\u00fc a\u00e7an imar planlar\u0131 iptal edildi&#8230;\u00a0 \u0130stanbul&#8217;un Be\u015fikta\u015f il\u00e7esine ba\u011fl\u0131 Akat Mahallesi&#8217;nde yer a\u015fam yakla\u015f\u0131k 30 bin metrekarelik Etiler Polis Meslek Y\u00fcksekokulu, arazisinin \u201criskli alan\u201d ilan edilmesinin sonras\u0131nda, 2014&#8217;te Bakanlar Kurulu karar\u0131yla kapat\u0131ld\u0131. Yap\u0131lan protokol ile s\u00f6z konusu arazi \u0130stanbul B\u00fcy\u00fck\u015fehir Belediyesi&#8217;ne (\u0130BB) devredildi. Arazi, 4 Nisan 2018&#8217;de \u0130BB taraf\u0131ndan has\u0131lat payla\u015f\u0131m\u0131 y\u00f6ntemi ile ihaleye \u00e7\u0131kar\u0131ld\u0131. \u0130haleyi \u0130BB&#8217;nin \u015firketlerinden K\u0130PTA\u015e, 2 milyar 660 milyon TL&#8217;lik teklifi ile kazand\u0131. K\u0130PTA\u015e daha sonra tiler Polis Meslek Y\u00fcksekokulu projesinin yap\u0131m i\u015fini Asta\u015f ile Yap\u0131 &amp; Yap\u0131 ortakl\u0131\u011f\u0131na verdi. Okulun y\u0131k\u0131lmas\u0131n\u0131n sonras\u0131nda in\u015faat \u00e7al\u0131\u015fmalar\u0131na ba\u015flanan arazide y\u00fcksekli\u011fi 35- 40 kat aras\u0131nda de\u011fi\u015fen 3 g\u00f6kdelenden dikilmesi planlan\u0131yordu. tiler Polis Meslek Y\u00fcksekokulu projesinin iki blo\u011funda 251 rezidans daire yer alacakt\u0131. Mandarin Oriental Hotel Group da bir kuleyi 156 oda, 16 s\u00fcitten ve \u00fc\u00e7 restoran olu\u015fan bir otel olarak i\u015fletecekti. Dev karma projenin alt\u0131nda ise \u00fc\u00e7 katl\u0131 bir al\u0131\u015fveri\u015f merkezi (AVM) yer alacakt\u0131. PLANLAR \u0130ST\u0130NAFA TA\u015eINDI Polis okulu arazisinde in\u015faat\u0131na ba\u015flanan karma projenin \u00f6n\u00fcn\u00fc a\u00e7an imar planlar\u0131 \u00c7evre ve \u015eehircilik Bakanl\u0131\u011f\u0131 taraf\u0131ndan 2012&#8217;de yap\u0131ld\u0131. Mimarlar Odas\u0131 ve \u015eehir Planc\u0131lar Odas\u0131, bu plan de\u011fi\u015fikliklerine kar\u015f\u0131 6 May\u0131s 2013&#8217;de dava a\u00e7t\u0131. S\u00f6zc\u00fc&#8217;de yer alan habere g\u00f6re; Karma proje davas\u0131 kapsam\u0131nda al\u0131nan iki bilirki\u015fi raporunda da planlar\u0131n, \u015fehircilik ilkelerine ve hukuka ayk\u0131r\u0131 oldu\u011fu saptand\u0131. Fakat \u0130stanbul 7. \u0130dare Mahkemesi, 30 Ekim 2018&#8217;de davan\u0131n reddine karar verdi. \u015eehir Planc\u0131lar\u0131 Odas\u0131 ve Mimarlar Odas\u0131 da \u0130stanbul 7. \u0130dare Mahkemesi&#8217;nin karar\u0131n\u0131 istinafa ta\u015f\u0131d\u0131. \u0130stanbul B\u00f6lge \u0130dare Mahkemesi 4. \u0130dare Dava Dairesi, ba\u015fvuruyu de\u011ferlendirdi ve 20 Eyl\u00fcl 2019 tarihinde verdi\u011fi kararla dava konusu planlar\u0131 iptal etti. Mimarlar Odas\u0131 ve \u015eehir Planc\u0131lar Odas\u0131 6 May\u0131s 2013 tarihinde dava a\u00e7t\u0131. MAHKEME Y\u00dcZEYSEL DE\u011eERLEND\u0130RME YAPMI\u015e \u0130stanbul B\u00f6lge \u0130dare Mahkemesi 4. \u0130dare Dava Dairesi&#8217;nin karar\u0131nda \u201c\u0130stanbul 7. \u0130dare Mahkemesi karar\u0131n\u0131n bilirki\u015fi raporlar\u0131ndaki tespitler dikkate al\u0131nmad\u0131\u011f\u0131 gibi dikkate al\u0131nmamas\u0131n\u0131n yeterli ve ge\u00e7erli gerek\u00e7elerine kararda yer verilmeyerek dava konusu plan kararlar\u0131n\u0131n y\u00fczeysel bir de\u011ferlendirmesi yap\u0131larak h\u00fck\u00fcm kuruldu\u011fu g\u00f6r\u00fcld\u00fc\u011f\u00fcnden\u2026\u201d denildi. Proje dava konusu i\u015flemde kamu yarar\u0131na, \u015fehircilik ilkelerine ve planlama esaslar\u0131na uyarl\u0131k bulunmad\u0131\u011f\u0131na h\u00fckmedildi. Aksi y\u00f6ndeki mahkeme karar\u0131nda isabet g\u00f6r\u00fclmedi\u011fine karar veren dava dairesi, yarg\u0131lama konusu i\u015flemi iptal etti. \u00c7evre ve \u015eehircilik Bakanl\u0131\u011f\u0131&#8217;n\u0131n yapt\u0131\u011f\u0131 planlar, mahkeme taraf\u0131ndan kamu yarar\u0131na, \u015fehircilik ilkelerine ve planlama esaslar\u0131na ayk\u0131r\u0131 bulunarak iptal edildi. &nbsp;<\/p>\n","protected":false},"author":1,"featured_media":4709,"comment_status":"open","ping_status":"open","sticky":false,"template":"","format":"standard","meta":{"footnotes":""},"categories":[1],"tags":[],"class_list":["post-4708","post","type-post","status-publish","format-standard","has-post-thumbnail","hentry","category-emlak-haberleri"],"_links":{"self":[{"href":"https:\/\/nesayonetim.com\/index.php\/wp-json\/wp\/v2\/posts\/4708","targetHints":{"allow":["GET"]}}],"collection":[{"href":"https:\/\/nesayonetim.com\/index.php\/wp-json\/wp\/v2\/posts"}],"about":[{"href":"https:\/\/nesayonetim.com\/index.php\/wp-json\/wp\/v2\/types\/post"}],"author":[{"embeddable":true,"href":"https:\/\/nesayonetim.com\/index.php\/wp-json\/wp\/v2\/users\/1"}],"replies":[{"embeddable":true,"href":"https:\/\/nesayonetim.com\/index.php\/wp-json\/wp\/v2\/comments?post=4708"}],"version-history":[{"count":1,"href":"https:\/\/nesayonetim.com\/index.php\/wp-json\/wp\/v2\/posts\/4708\/revisions"}],"predecessor-version":[{"id":4710,"href":"https:\/\/nesayonetim.com\/index.php\/wp-json\/wp\/v2\/posts\/4708\/revisions\/4710"}],"wp:featuredmedia":[{"embeddable":true,"href":"https:\/\/nesayonetim.com\/index.php\/wp-json\/wp\/v2\/media\/4709"}],"wp:attachment":[{"href":"https:\/\/nesayonetim.com\/index.php\/wp-json\/wp\/v2\/media?parent=4708"}],"wp:term":[{"taxonomy":"category","embeddable":true,"href":"https:\/\/nesayonetim.com\/index.php\/wp-json\/wp\/v2\/categories?post=4708"},{"taxonomy":"post_tag","embeddable":true,"href":"https:\/\/nesayonetim.com\/index.php\/wp-json\/wp\/v2\/tags?post=4708"}],"curies":[{"name":"wp","href":"https:\/\/api.w.org\/{rel}","templated":true}]}}